{"id":12561,"date":"2025-10-16T09:08:52","date_gmt":"2025-10-16T12:08:52","guid":{"rendered":"https:\/\/empsis.com.br\/web\/wp\/informativo\/?p=12561"},"modified":"2025-10-16T10:11:38","modified_gmt":"2025-10-16T13:11:38","slug":"locacao-romaneio-de-locacao","status":"publish","type":"post","link":"https:\/\/empsis.com.br\/web\/wp\/informativo\/locacao-romaneio-de-locacao\/","title":{"rendered":"Loca\u00e7\u00e3o \u2013 Romaneio de loca\u00e7\u00e3o"},"content":{"rendered":"\n<p>O <strong>Romaneio de Loca\u00e7\u00e3o<\/strong> \u00e9 utilizado para registrar a sa\u00edda de equipamentos alugados, vinculando o contrato de loca\u00e7\u00e3o ao motorista e ve\u00edculo respons\u00e1vel pelo transporte.<br>Essa funcionalidade permite acompanhar as entregas, prazos e observa\u00e7\u00f5es de forma organizada.<\/p>\n\n\n\n<p class=\"has-vivid-red-color has-text-color has-medium-font-size\"><strong>Como fazer:<\/strong><\/p>\n\n\n\n<p><strong><em><mark style=\"background-color:rgba(0, 0, 0, 0)\" class=\"has-inline-color has-luminous-vivid-amber-color\">Primeiro passo<\/mark><\/em><\/strong> &#8211; <strong>Acessando o m\u00f3dulo de Romaneio<\/strong><\/p>\n\n\n\n<p>No menu principal, acesse <strong>Loca\u00e7\u00e3o \u2192 Romaneio<\/strong>.<\/p>\n\n\n\n<figure class=\"wp-block-image size-large\"><img decoding=\"async\" loading=\"lazy\" width=\"1024\" height=\"457\" src=\"https:\/\/empsis.com.br\/web\/wp\/informativo\/wp-content\/uploads\/2025\/10\/image-184-1024x457.png\" alt=\"\" class=\"wp-image-12562\" srcset=\"https:\/\/empsis.com.br\/web\/wp\/informativo\/wp-content\/uploads\/2025\/10\/image-184-1024x457.png 1024w, https:\/\/empsis.com.br\/web\/wp\/informativo\/wp-content\/uploads\/2025\/10\/image-184-300x134.png 300w, https:\/\/empsis.com.br\/web\/wp\/informativo\/wp-content\/uploads\/2025\/10\/image-184-768x343.png 768w, https:\/\/empsis.com.br\/web\/wp\/informativo\/wp-content\/uploads\/2025\/10\/image-184.png 1304w\" sizes=\"(max-width: 1024px) 100vw, 1024px\" \/><\/figure>\n\n\n\n<p><strong>Ou poder\u00e1 clicar em sistema de gest\u00e3o<\/strong>.<\/p>\n\n\n\n<figure class=\"wp-block-image size-large\"><img decoding=\"async\" loading=\"lazy\" width=\"1024\" height=\"382\" src=\"https:\/\/empsis.com.br\/web\/wp\/informativo\/wp-content\/uploads\/2025\/10\/image-191-1024x382.png\" alt=\"\" class=\"wp-image-12573\" srcset=\"https:\/\/empsis.com.br\/web\/wp\/informativo\/wp-content\/uploads\/2025\/10\/image-191-1024x382.png 1024w, https:\/\/empsis.com.br\/web\/wp\/informativo\/wp-content\/uploads\/2025\/10\/image-191-300x112.png 300w, https:\/\/empsis.com.br\/web\/wp\/informativo\/wp-content\/uploads\/2025\/10\/image-191-768x286.png 768w, https:\/\/empsis.com.br\/web\/wp\/informativo\/wp-content\/uploads\/2025\/10\/image-191.png 1524w\" sizes=\"(max-width: 1024px) 100vw, 1024px\" \/><\/figure>\n\n\n\n<p>Clicando em <strong>Menu gerencial<\/strong> entrar\u00e1 na aba menu gerencial de loca\u00e7\u00e3o: <\/p>\n\n\n\n<figure class=\"wp-block-image size-large\"><img decoding=\"async\" loading=\"lazy\" width=\"1024\" height=\"165\" src=\"https:\/\/empsis.com.br\/web\/wp\/informativo\/wp-content\/uploads\/2025\/10\/image-192-1024x165.png\" alt=\"\" class=\"wp-image-12574\" srcset=\"https:\/\/empsis.com.br\/web\/wp\/informativo\/wp-content\/uploads\/2025\/10\/image-192-1024x165.png 1024w, https:\/\/empsis.com.br\/web\/wp\/informativo\/wp-content\/uploads\/2025\/10\/image-192-300x48.png 300w, https:\/\/empsis.com.br\/web\/wp\/informativo\/wp-content\/uploads\/2025\/10\/image-192-768x124.png 768w, https:\/\/empsis.com.br\/web\/wp\/informativo\/wp-content\/uploads\/2025\/10\/image-192.png 1220w\" sizes=\"(max-width: 1024px) 100vw, 1024px\" \/><\/figure>\n\n\n\n<p>Na aba de menu gerencial de loca\u00e7\u00e3o <strong>clicando <\/strong>em <strong>romaneio <\/strong>de <strong>entrega <\/strong>conseguira chegar no romaneio de entrega<\/p>\n\n\n\n<figure class=\"wp-block-image size-full\"><img decoding=\"async\" loading=\"lazy\" width=\"972\" height=\"474\" src=\"https:\/\/empsis.com.br\/web\/wp\/informativo\/wp-content\/uploads\/2025\/10\/image-193.png\" alt=\"\" class=\"wp-image-12576\" srcset=\"https:\/\/empsis.com.br\/web\/wp\/informativo\/wp-content\/uploads\/2025\/10\/image-193.png 972w, https:\/\/empsis.com.br\/web\/wp\/informativo\/wp-content\/uploads\/2025\/10\/image-193-300x146.png 300w, https:\/\/empsis.com.br\/web\/wp\/informativo\/wp-content\/uploads\/2025\/10\/image-193-768x375.png 768w\" sizes=\"(max-width: 972px) 100vw, 972px\" \/><\/figure>\n\n\n\n<p><em><strong><mark style=\"background-color:rgba(0, 0, 0, 0)\" class=\"has-inline-color has-luminous-vivid-amber-color\">Segundo passo<\/mark><\/strong><\/em> &#8211; <strong>Inserindo um novo Romaneio<\/strong><\/p>\n\n\n\n<figure class=\"wp-block-image size-large\"><img decoding=\"async\" loading=\"lazy\" width=\"1024\" height=\"328\" src=\"https:\/\/empsis.com.br\/web\/wp\/informativo\/wp-content\/uploads\/2025\/10\/image-185-1024x328.png\" alt=\"\" class=\"wp-image-12563\" srcset=\"https:\/\/empsis.com.br\/web\/wp\/informativo\/wp-content\/uploads\/2025\/10\/image-185-1024x328.png 1024w, https:\/\/empsis.com.br\/web\/wp\/informativo\/wp-content\/uploads\/2025\/10\/image-185-300x96.png 300w, https:\/\/empsis.com.br\/web\/wp\/informativo\/wp-content\/uploads\/2025\/10\/image-185-768x246.png 768w, https:\/\/empsis.com.br\/web\/wp\/informativo\/wp-content\/uploads\/2025\/10\/image-185.png 1382w\" sizes=\"(max-width: 1024px) 100vw, 1024px\" \/><\/figure>\n\n\n\n<p><strong><em><mark style=\"background-color:rgba(0, 0, 0, 0)\" class=\"has-inline-color has-luminous-vivid-amber-color\">Terceiro passo<\/mark> \u2013 <\/em>Preenchendo as informa\u00e7\u00f5es principais<\/strong><\/p>\n\n\n\n<p>Preencha os campos de <strong>Data de Emiss\u00e3o<\/strong>, <strong>Prazo de Entrega<\/strong>, <strong>Motorista<\/strong>, <strong>Placa<\/strong> e <strong>Tipo de Transporte<\/strong>.<br>No campo <strong>Observa\u00e7\u00e3o<\/strong>, adicione informa\u00e7\u00f5es relevantes, como prazos ou instru\u00e7\u00f5es espec\u00edficas.<\/p>\n\n\n\n<figure class=\"wp-block-image size-large\"><img decoding=\"async\" loading=\"lazy\" width=\"1024\" height=\"425\" src=\"https:\/\/empsis.com.br\/web\/wp\/informativo\/wp-content\/uploads\/2025\/10\/image-186-1024x425.png\" alt=\"\" class=\"wp-image-12564\" srcset=\"https:\/\/empsis.com.br\/web\/wp\/informativo\/wp-content\/uploads\/2025\/10\/image-186-1024x425.png 1024w, https:\/\/empsis.com.br\/web\/wp\/informativo\/wp-content\/uploads\/2025\/10\/image-186-300x125.png 300w, https:\/\/empsis.com.br\/web\/wp\/informativo\/wp-content\/uploads\/2025\/10\/image-186-768x319.png 768w, https:\/\/empsis.com.br\/web\/wp\/informativo\/wp-content\/uploads\/2025\/10\/image-186.png 1372w\" sizes=\"(max-width: 1024px) 100vw, 1024px\" \/><\/figure>\n\n\n\n<p><strong><em><strong><em><mark style=\"background-color:rgba(0, 0, 0, 0)\" class=\"has-inline-color has-luminous-vivid-amber-color\">Quarto passo<\/mark> \u2013 <\/em><\/strong><\/em>Adicionando o contrato de loca\u00e7\u00e3o<\/strong><\/p>\n\n\n\n<p>Com os dados iniciais preenchidos, clique em <strong>Adicionar<\/strong> para vincular um contrato de loca\u00e7\u00e3o ativo.<\/p>\n\n\n\n<figure class=\"wp-block-image size-large\"><img decoding=\"async\" loading=\"lazy\" width=\"1024\" height=\"475\" src=\"https:\/\/empsis.com.br\/web\/wp\/informativo\/wp-content\/uploads\/2025\/10\/image-187-1024x475.png\" alt=\"\" class=\"wp-image-12565\" srcset=\"https:\/\/empsis.com.br\/web\/wp\/informativo\/wp-content\/uploads\/2025\/10\/image-187-1024x475.png 1024w, https:\/\/empsis.com.br\/web\/wp\/informativo\/wp-content\/uploads\/2025\/10\/image-187-300x139.png 300w, https:\/\/empsis.com.br\/web\/wp\/informativo\/wp-content\/uploads\/2025\/10\/image-187-768x356.png 768w, https:\/\/empsis.com.br\/web\/wp\/informativo\/wp-content\/uploads\/2025\/10\/image-187.png 1381w\" sizes=\"(max-width: 1024px) 100vw, 1024px\" \/><\/figure>\n\n\n\n<p>Ser\u00e1 exibida uma tela com todos os contratos ativos.<br><strong>Importante:<\/strong> o cliente precisa ter um contrato j\u00e1 alocado.<br>Caso ainda n\u00e3o tenha, veja como cadastrar no informativo:<br>\ud83d\udd17 <a href=\"https:\/\/empsis.com.br\/web\/wp\/informativo\/locacao-como-fazer-contrato-de-locacao-de-equipamentos\/\">Como fazer contrato de loca\u00e7\u00e3o de equipamentos<\/a><\/p>\n\n\n\n<p><strong><em><mark style=\"background-color:rgba(0, 0, 0, 0)\" class=\"has-inline-color has-luminous-vivid-amber-color\">Quinto passo<\/mark> \u2013 <\/em>Selecionando o contrato<\/strong><\/p>\n\n\n\n<p>Escolha o contrato desejado e clique em <strong>OK<\/strong> para confirmar a vincula\u00e7\u00e3o.<\/p>\n\n\n\n<figure class=\"wp-block-image size-large\"><img decoding=\"async\" loading=\"lazy\" width=\"1024\" height=\"753\" src=\"https:\/\/empsis.com.br\/web\/wp\/informativo\/wp-content\/uploads\/2025\/10\/image-188-1024x753.png\" alt=\"\" class=\"wp-image-12566\" srcset=\"https:\/\/empsis.com.br\/web\/wp\/informativo\/wp-content\/uploads\/2025\/10\/image-188-1024x753.png 1024w, https:\/\/empsis.com.br\/web\/wp\/informativo\/wp-content\/uploads\/2025\/10\/image-188-300x221.png 300w, https:\/\/empsis.com.br\/web\/wp\/informativo\/wp-content\/uploads\/2025\/10\/image-188-768x565.png 768w, https:\/\/empsis.com.br\/web\/wp\/informativo\/wp-content\/uploads\/2025\/10\/image-188.png 1370w\" sizes=\"(max-width: 1024px) 100vw, 1024px\" \/><\/figure>\n\n\n\n<p><em><strong><mark style=\"background-color:rgba(0, 0, 0, 0)\" class=\"has-inline-color has-luminous-vivid-amber-color\">Sexto passo <\/mark>&#8211; <\/strong><\/em><strong>Confirmando o Romaneio<\/strong>.<\/p>\n\n\n\n<p>Ap\u00f3s adicionar o contrato, confira os dados e clique em <strong>Confirmar<\/strong> para finalizar o <strong>cadastro <\/strong>do <strong>romaneio.<\/strong><\/p>\n\n\n\n<p> <\/p>\n\n\n\n<figure class=\"wp-block-image size-large\"><img decoding=\"async\" loading=\"lazy\" width=\"1024\" height=\"477\" src=\"https:\/\/empsis.com.br\/web\/wp\/informativo\/wp-content\/uploads\/2025\/10\/image-189-1024x477.png\" alt=\"\" class=\"wp-image-12567\" srcset=\"https:\/\/empsis.com.br\/web\/wp\/informativo\/wp-content\/uploads\/2025\/10\/image-189-1024x477.png 1024w, https:\/\/empsis.com.br\/web\/wp\/informativo\/wp-content\/uploads\/2025\/10\/image-189-300x140.png 300w, https:\/\/empsis.com.br\/web\/wp\/informativo\/wp-content\/uploads\/2025\/10\/image-189-768x358.png 768w, https:\/\/empsis.com.br\/web\/wp\/informativo\/wp-content\/uploads\/2025\/10\/image-189.png 1140w\" sizes=\"(max-width: 1024px) 100vw, 1024px\" \/><\/figure>\n","protected":false},"excerpt":{"rendered":"<p>O Romaneio de Loca\u00e7\u00e3o \u00e9 utilizado para registrar a sa\u00edda de equipamentos alugados, vinculando o contrato de loca\u00e7\u00e3o ao motorista e ve\u00edculo respons\u00e1vel pelo transporte.Essa funcionalidade permite acompanhar as entregas, prazos e observa\u00e7\u00f5es de forma organizada. Como fazer: Primeiro passo &#8211; Acessando o m\u00f3dulo de Romaneio No menu principal, acesse Loca\u00e7\u00e3o \u2192 Romaneio. Ou poder\u00e1 [&hellip;]<\/p>\n","protected":false},"author":2,"featured_media":0,"comment_status":"open","ping_status":"closed","sticky":false,"template":"","format":"standard","meta":[],"categories":[198,5626,255],"tags":[15446,15453,15449,15448,15451,15452,15447,15450],"yoast_head":"<!-- This site is optimized with the Yoast SEO Premium plugin v19.1 (Yoast SEO v19.0) - https:\/\/yoast.com\/wordpress\/plugins\/seo\/ -->\n<title>Loca\u00e7\u00e3o \u2013 Romaneio de loca\u00e7\u00e3o<\/title>\n<meta name=\"description\" content=\"Loca\u00e7\u00e3o \u2013 Romaneio de loca\u00e7\u00e3o | cadastro de romaneio, Confer\u00eancia de romaneio, contratos de loca\u00e7\u00e3o, Controle de entregas, Gest\u00e3o de loca\u00e7\u00f5es, Motorista e placa, Romaneio de loca\u00e7\u00e3o, Transporte de equipamentos Gest\u00e3o, Info, Loca\u00e7\u00e3o\" \/>\n<meta name=\"robots\" content=\"index, follow, max-snippet:-1, max-image-preview:large, max-video-preview:-1\" \/>\n<link rel=\"canonical\" href=\"https:\/\/empsis.com.br\/web\/wp\/informativo\/locacao-romaneio-de-locacao\/\" \/>\n<meta property=\"og:locale\" content=\"pt_BR\" \/>\n<meta property=\"og:type\" content=\"article\" \/>\n<meta property=\"og:title\" content=\"Loca\u00e7\u00e3o \u2013 Romaneio de loca\u00e7\u00e3o\" \/>\n<meta property=\"og:description\" content=\"Loca\u00e7\u00e3o \u2013 Romaneio de loca\u00e7\u00e3o | cadastro de romaneio, Confer\u00eancia de romaneio, contratos de loca\u00e7\u00e3o, Controle de entregas, Gest\u00e3o de loca\u00e7\u00f5es, Motorista e placa, Romaneio de loca\u00e7\u00e3o, Transporte de equipamentos Gest\u00e3o, Info, Loca\u00e7\u00e3o\" \/>\n<meta property=\"og:url\" content=\"https:\/\/empsis.com.br\/web\/wp\/informativo\/locacao-romaneio-de-locacao\/\" \/>\n<meta property=\"og:site_name\" content=\"Informativo - Empsis\" \/>\n<meta property=\"article:publisher\" content=\"https:\/\/www.facebook.com\/SistemaEmpsis\" \/>\n<meta property=\"article:published_time\" content=\"2025-10-16T12:08:52+00:00\" \/>\n<meta property=\"article:modified_time\" content=\"2025-10-16T13:11:38+00:00\" \/>\n<meta property=\"og:image\" content=\"https:\/\/empsis.com.br\/web\/wp\/informativo\/wp-content\/uploads\/2025\/10\/image-184-1024x457.png\" \/>\n<meta name=\"twitter:card\" content=\"summary_large_image\" \/>\n<meta name=\"twitter:label1\" content=\"Escrito por\" \/>\n\t<meta name=\"twitter:data1\" content=\"Sistema Empsis\" \/>\n\t<meta name=\"twitter:label2\" content=\"Est. tempo de leitura\" \/>\n\t<meta name=\"twitter:data2\" content=\"1 minuto\" \/>\n<script type=\"application\/ld+json\" class=\"yoast-schema-graph\">{\"@context\":\"https:\/\/schema.org\",\"@graph\":[{\"@type\":\"Organization\",\"@id\":\"https:\/\/empsis.com.br\/web\/wp\/informativo\/#organization\",\"name\":\"Empsis Sistemas\",\"url\":\"https:\/\/empsis.com.br\/web\/wp\/informativo\/\",\"sameAs\":[\"https:\/\/www.instagram.com\/empsissistemas\/\",\"https:\/\/www.youtube.com\/c\/Empsis\",\"https:\/\/www.facebook.com\/SistemaEmpsis\"],\"logo\":{\"@type\":\"ImageObject\",\"inLanguage\":\"pt-BR\",\"@id\":\"https:\/\/empsis.com.br\/web\/wp\/informativo\/#\/schema\/logo\/image\/\",\"url\":\"https:\/\/empsis.com.br\/web\/wp\/informativo\/wp-content\/uploads\/2023\/01\/logo.png\",\"contentUrl\":\"https:\/\/empsis.com.br\/web\/wp\/informativo\/wp-content\/uploads\/2023\/01\/logo.png\",\"width\":120,\"height\":34,\"caption\":\"Empsis Sistemas\"},\"image\":{\"@id\":\"https:\/\/empsis.com.br\/web\/wp\/informativo\/#\/schema\/logo\/image\/\"}},{\"@type\":\"WebSite\",\"@id\":\"https:\/\/empsis.com.br\/web\/wp\/informativo\/#website\",\"url\":\"https:\/\/empsis.com.br\/web\/wp\/informativo\/\",\"name\":\"Informativo - Empsis\",\"description\":\"\",\"publisher\":{\"@id\":\"https:\/\/empsis.com.br\/web\/wp\/informativo\/#organization\"},\"potentialAction\":[{\"@type\":\"SearchAction\",\"target\":{\"@type\":\"EntryPoint\",\"urlTemplate\":\"https:\/\/empsis.com.br\/web\/wp\/informativo\/?s={search_term_string}\"},\"query-input\":\"required name=search_term_string\"}],\"inLanguage\":\"pt-BR\"},{\"@type\":\"ImageObject\",\"inLanguage\":\"pt-BR\",\"@id\":\"https:\/\/empsis.com.br\/web\/wp\/informativo\/locacao-romaneio-de-locacao\/#primaryimage\",\"url\":\"https:\/\/empsis.com.br\/web\/wp\/informativo\/wp-content\/uploads\/2025\/10\/image-184.png\",\"contentUrl\":\"https:\/\/empsis.com.br\/web\/wp\/informativo\/wp-content\/uploads\/2025\/10\/image-184.png\",\"width\":1304,\"height\":582},{\"@type\":\"WebPage\",\"@id\":\"https:\/\/empsis.com.br\/web\/wp\/informativo\/locacao-romaneio-de-locacao\/#webpage\",\"url\":\"https:\/\/empsis.com.br\/web\/wp\/informativo\/locacao-romaneio-de-locacao\/\",\"name\":\"Loca\u00e7\u00e3o \u2013 Romaneio de loca\u00e7\u00e3o\",\"isPartOf\":{\"@id\":\"https:\/\/empsis.com.br\/web\/wp\/informativo\/#website\"},\"primaryImageOfPage\":{\"@id\":\"https:\/\/empsis.com.br\/web\/wp\/informativo\/locacao-romaneio-de-locacao\/#primaryimage\"},\"datePublished\":\"2025-10-16T12:08:52+00:00\",\"dateModified\":\"2025-10-16T13:11:38+00:00\",\"description\":\"Loca\u00e7\u00e3o \u2013 Romaneio de loca\u00e7\u00e3o | cadastro de romaneio, Confer\u00eancia de romaneio, contratos de loca\u00e7\u00e3o, Controle de entregas, Gest\u00e3o de loca\u00e7\u00f5es, Motorista e placa, Romaneio de loca\u00e7\u00e3o, Transporte de equipamentos Gest\u00e3o, Info, Loca\u00e7\u00e3o\",\"breadcrumb\":{\"@id\":\"https:\/\/empsis.com.br\/web\/wp\/informativo\/locacao-romaneio-de-locacao\/#breadcrumb\"},\"inLanguage\":\"pt-BR\",\"potentialAction\":[{\"@type\":\"ReadAction\",\"target\":[\"https:\/\/empsis.com.br\/web\/wp\/informativo\/locacao-romaneio-de-locacao\/\"]}]},{\"@type\":\"BreadcrumbList\",\"@id\":\"https:\/\/empsis.com.br\/web\/wp\/informativo\/locacao-romaneio-de-locacao\/#breadcrumb\",\"itemListElement\":[{\"@type\":\"ListItem\",\"position\":1,\"name\":\"In\u00edcio\",\"item\":\"https:\/\/empsis.com.br\/web\/wp\/informativo\/\"},{\"@type\":\"ListItem\",\"position\":2,\"name\":\"Loca\u00e7\u00e3o \u2013 Romaneio de loca\u00e7\u00e3o\"}]},{\"@type\":\"Article\",\"@id\":\"https:\/\/empsis.com.br\/web\/wp\/informativo\/locacao-romaneio-de-locacao\/#article\",\"isPartOf\":{\"@id\":\"https:\/\/empsis.com.br\/web\/wp\/informativo\/locacao-romaneio-de-locacao\/#webpage\"},\"author\":{\"@id\":\"https:\/\/empsis.com.br\/web\/wp\/informativo\/#\/schema\/person\/7a63d29c4a3b1eb021af904c69a715f3\"},\"headline\":\"Loca\u00e7\u00e3o \u2013 Romaneio de loca\u00e7\u00e3o\",\"datePublished\":\"2025-10-16T12:08:52+00:00\",\"dateModified\":\"2025-10-16T13:11:38+00:00\",\"mainEntityOfPage\":{\"@id\":\"https:\/\/empsis.com.br\/web\/wp\/informativo\/locacao-romaneio-de-locacao\/#webpage\"},\"wordCount\":253,\"commentCount\":0,\"publisher\":{\"@id\":\"https:\/\/empsis.com.br\/web\/wp\/informativo\/#organization\"},\"image\":{\"@id\":\"https:\/\/empsis.com.br\/web\/wp\/informativo\/locacao-romaneio-de-locacao\/#primaryimage\"},\"thumbnailUrl\":\"https:\/\/empsis.com.br\/web\/wp\/informativo\/wp-content\/uploads\/2025\/10\/image-184-1024x457.png\",\"keywords\":[\"cadastro de romaneio\",\"Confer\u00eancia de romaneio\",\"contratos de loca\u00e7\u00e3o\",\"Controle de entregas\",\"Gest\u00e3o de loca\u00e7\u00f5es\",\"Motorista e placa\",\"Romaneio de loca\u00e7\u00e3o\",\"Transporte de equipamentos\"],\"articleSection\":[\"Gest\u00e3o\",\"Info\",\"Loca\u00e7\u00e3o\"],\"inLanguage\":\"pt-BR\",\"potentialAction\":[{\"@type\":\"CommentAction\",\"name\":\"Comment\",\"target\":[\"https:\/\/empsis.com.br\/web\/wp\/informativo\/locacao-romaneio-de-locacao\/#respond\"]}]},{\"@type\":\"Person\",\"@id\":\"https:\/\/empsis.com.br\/web\/wp\/informativo\/#\/schema\/person\/7a63d29c4a3b1eb021af904c69a715f3\",\"name\":\"Sistema Empsis\",\"image\":{\"@type\":\"ImageObject\",\"inLanguage\":\"pt-BR\",\"@id\":\"https:\/\/empsis.com.br\/web\/wp\/informativo\/#\/schema\/person\/image\/\",\"url\":\"https:\/\/secure.gravatar.com\/avatar\/e9201bd664910ace96c25dfe6b11515f?s=96&d=mm&r=g\",\"contentUrl\":\"https:\/\/secure.gravatar.com\/avatar\/e9201bd664910ace96c25dfe6b11515f?s=96&d=mm&r=g\",\"caption\":\"Sistema Empsis\"},\"sameAs\":[\"http:\/\/empsis.com.br\"],\"url\":\"https:\/\/empsis.com.br\/web\/wp\/informativo\/author\/suporte\/\"}]}<\/script>\n<!-- \/ Yoast SEO Premium plugin. -->","yoast_head_json":{"title":"Loca\u00e7\u00e3o \u2013 Romaneio de loca\u00e7\u00e3o","description":"Loca\u00e7\u00e3o \u2013 Romaneio de loca\u00e7\u00e3o | cadastro de romaneio, Confer\u00eancia de romaneio, contratos de loca\u00e7\u00e3o, Controle de entregas, Gest\u00e3o de loca\u00e7\u00f5es, Motorista e placa, Romaneio de loca\u00e7\u00e3o, Transporte de equipamentos Gest\u00e3o, Info, Loca\u00e7\u00e3o","robots":{"index":"index","follow":"follow","max-snippet":"max-snippet:-1","max-image-preview":"max-image-preview:large","max-video-preview":"max-video-preview:-1"},"canonical":"https:\/\/empsis.com.br\/web\/wp\/informativo\/locacao-romaneio-de-locacao\/","og_locale":"pt_BR","og_type":"article","og_title":"Loca\u00e7\u00e3o \u2013 Romaneio de loca\u00e7\u00e3o","og_description":"Loca\u00e7\u00e3o \u2013 Romaneio de loca\u00e7\u00e3o | cadastro de romaneio, Confer\u00eancia de romaneio, contratos de loca\u00e7\u00e3o, Controle de entregas, Gest\u00e3o de loca\u00e7\u00f5es, Motorista e placa, Romaneio de loca\u00e7\u00e3o, Transporte de equipamentos Gest\u00e3o, Info, Loca\u00e7\u00e3o","og_url":"https:\/\/empsis.com.br\/web\/wp\/informativo\/locacao-romaneio-de-locacao\/","og_site_name":"Informativo - Empsis","article_publisher":"https:\/\/www.facebook.com\/SistemaEmpsis","article_published_time":"2025-10-16T12:08:52+00:00","article_modified_time":"2025-10-16T13:11:38+00:00","og_image":[{"url":"https:\/\/empsis.com.br\/web\/wp\/informativo\/wp-content\/uploads\/2025\/10\/image-184-1024x457.png"}],"twitter_card":"summary_large_image","twitter_misc":{"Escrito por":"Sistema Empsis","Est. tempo de leitura":"1 minuto"},"schema":{"@context":"https:\/\/schema.org","@graph":[{"@type":"Organization","@id":"https:\/\/empsis.com.br\/web\/wp\/informativo\/#organization","name":"Empsis Sistemas","url":"https:\/\/empsis.com.br\/web\/wp\/informativo\/","sameAs":["https:\/\/www.instagram.com\/empsissistemas\/","https:\/\/www.youtube.com\/c\/Empsis","https:\/\/www.facebook.com\/SistemaEmpsis"],"logo":{"@type":"ImageObject","inLanguage":"pt-BR","@id":"https:\/\/empsis.com.br\/web\/wp\/informativo\/#\/schema\/logo\/image\/","url":"https:\/\/empsis.com.br\/web\/wp\/informativo\/wp-content\/uploads\/2023\/01\/logo.png","contentUrl":"https:\/\/empsis.com.br\/web\/wp\/informativo\/wp-content\/uploads\/2023\/01\/logo.png","width":120,"height":34,"caption":"Empsis Sistemas"},"image":{"@id":"https:\/\/empsis.com.br\/web\/wp\/informativo\/#\/schema\/logo\/image\/"}},{"@type":"WebSite","@id":"https:\/\/empsis.com.br\/web\/wp\/informativo\/#website","url":"https:\/\/empsis.com.br\/web\/wp\/informativo\/","name":"Informativo - Empsis","description":"","publisher":{"@id":"https:\/\/empsis.com.br\/web\/wp\/informativo\/#organization"},"potentialAction":[{"@type":"SearchAction","target":{"@type":"EntryPoint","urlTemplate":"https:\/\/empsis.com.br\/web\/wp\/informativo\/?s={search_term_string}"},"query-input":"required name=search_term_string"}],"inLanguage":"pt-BR"},{"@type":"ImageObject","inLanguage":"pt-BR","@id":"https:\/\/empsis.com.br\/web\/wp\/informativo\/locacao-romaneio-de-locacao\/#primaryimage","url":"https:\/\/empsis.com.br\/web\/wp\/informativo\/wp-content\/uploads\/2025\/10\/image-184.png","contentUrl":"https:\/\/empsis.com.br\/web\/wp\/informativo\/wp-content\/uploads\/2025\/10\/image-184.png","width":1304,"height":582},{"@type":"WebPage","@id":"https:\/\/empsis.com.br\/web\/wp\/informativo\/locacao-romaneio-de-locacao\/#webpage","url":"https:\/\/empsis.com.br\/web\/wp\/informativo\/locacao-romaneio-de-locacao\/","name":"Loca\u00e7\u00e3o \u2013 Romaneio de loca\u00e7\u00e3o","isPartOf":{"@id":"https:\/\/empsis.com.br\/web\/wp\/informativo\/#website"},"primaryImageOfPage":{"@id":"https:\/\/empsis.com.br\/web\/wp\/informativo\/locacao-romaneio-de-locacao\/#primaryimage"},"datePublished":"2025-10-16T12:08:52+00:00","dateModified":"2025-10-16T13:11:38+00:00","description":"Loca\u00e7\u00e3o \u2013 Romaneio de loca\u00e7\u00e3o | cadastro de romaneio, Confer\u00eancia de romaneio, contratos de loca\u00e7\u00e3o, Controle de entregas, Gest\u00e3o de loca\u00e7\u00f5es, Motorista e placa, Romaneio de loca\u00e7\u00e3o, Transporte de equipamentos Gest\u00e3o, Info, Loca\u00e7\u00e3o","breadcrumb":{"@id":"https:\/\/empsis.com.br\/web\/wp\/informativo\/locacao-romaneio-de-locacao\/#breadcrumb"},"inLanguage":"pt-BR","potentialAction":[{"@type":"ReadAction","target":["https:\/\/empsis.com.br\/web\/wp\/informativo\/locacao-romaneio-de-locacao\/"]}]},{"@type":"BreadcrumbList","@id":"https:\/\/empsis.com.br\/web\/wp\/informativo\/locacao-romaneio-de-locacao\/#breadcrumb","itemListElement":[{"@type":"ListItem","position":1,"name":"In\u00edcio","item":"https:\/\/empsis.com.br\/web\/wp\/informativo\/"},{"@type":"ListItem","position":2,"name":"Loca\u00e7\u00e3o \u2013 Romaneio de loca\u00e7\u00e3o"}]},{"@type":"Article","@id":"https:\/\/empsis.com.br\/web\/wp\/informativo\/locacao-romaneio-de-locacao\/#article","isPartOf":{"@id":"https:\/\/empsis.com.br\/web\/wp\/informativo\/locacao-romaneio-de-locacao\/#webpage"},"author":{"@id":"https:\/\/empsis.com.br\/web\/wp\/informativo\/#\/schema\/person\/7a63d29c4a3b1eb021af904c69a715f3"},"headline":"Loca\u00e7\u00e3o \u2013 Romaneio de loca\u00e7\u00e3o","datePublished":"2025-10-16T12:08:52+00:00","dateModified":"2025-10-16T13:11:38+00:00","mainEntityOfPage":{"@id":"https:\/\/empsis.com.br\/web\/wp\/informativo\/locacao-romaneio-de-locacao\/#webpage"},"wordCount":253,"commentCount":0,"publisher":{"@id":"https:\/\/empsis.com.br\/web\/wp\/informativo\/#organization"},"image":{"@id":"https:\/\/empsis.com.br\/web\/wp\/informativo\/locacao-romaneio-de-locacao\/#primaryimage"},"thumbnailUrl":"https:\/\/empsis.com.br\/web\/wp\/informativo\/wp-content\/uploads\/2025\/10\/image-184-1024x457.png","keywords":["cadastro de romaneio","Confer\u00eancia de romaneio","contratos de loca\u00e7\u00e3o","Controle de entregas","Gest\u00e3o de loca\u00e7\u00f5es","Motorista e placa","Romaneio de loca\u00e7\u00e3o","Transporte de equipamentos"],"articleSection":["Gest\u00e3o","Info","Loca\u00e7\u00e3o"],"inLanguage":"pt-BR","potentialAction":[{"@type":"CommentAction","name":"Comment","target":["https:\/\/empsis.com.br\/web\/wp\/informativo\/locacao-romaneio-de-locacao\/#respond"]}]},{"@type":"Person","@id":"https:\/\/empsis.com.br\/web\/wp\/informativo\/#\/schema\/person\/7a63d29c4a3b1eb021af904c69a715f3","name":"Sistema Empsis","image":{"@type":"ImageObject","inLanguage":"pt-BR","@id":"https:\/\/empsis.com.br\/web\/wp\/informativo\/#\/schema\/person\/image\/","url":"https:\/\/secure.gravatar.com\/avatar\/e9201bd664910ace96c25dfe6b11515f?s=96&d=mm&r=g","contentUrl":"https:\/\/secure.gravatar.com\/avatar\/e9201bd664910ace96c25dfe6b11515f?s=96&d=mm&r=g","caption":"Sistema Empsis"},"sameAs":["http:\/\/empsis.com.br"],"url":"https:\/\/empsis.com.br\/web\/wp\/informativo\/author\/suporte\/"}]}},"_links":{"self":[{"href":"https:\/\/empsis.com.br\/web\/wp\/informativo\/wp-json\/wp\/v2\/posts\/12561"}],"collection":[{"href":"https:\/\/empsis.com.br\/web\/wp\/informativo\/wp-json\/wp\/v2\/posts"}],"about":[{"href":"https:\/\/empsis.com.br\/web\/wp\/informativo\/wp-json\/wp\/v2\/types\/post"}],"author":[{"embeddable":true,"href":"https:\/\/empsis.com.br\/web\/wp\/informativo\/wp-json\/wp\/v2\/users\/2"}],"replies":[{"embeddable":true,"href":"https:\/\/empsis.com.br\/web\/wp\/informativo\/wp-json\/wp\/v2\/comments?post=12561"}],"version-history":[{"count":2,"href":"https:\/\/empsis.com.br\/web\/wp\/informativo\/wp-json\/wp\/v2\/posts\/12561\/revisions"}],"predecessor-version":[{"id":12578,"href":"https:\/\/empsis.com.br\/web\/wp\/informativo\/wp-json\/wp\/v2\/posts\/12561\/revisions\/12578"}],"wp:attachment":[{"href":"https:\/\/empsis.com.br\/web\/wp\/informativo\/wp-json\/wp\/v2\/media?parent=12561"}],"wp:term":[{"taxonomy":"category","embeddable":true,"href":"https:\/\/empsis.com.br\/web\/wp\/informativo\/wp-json\/wp\/v2\/categories?post=12561"},{"taxonomy":"post_tag","embeddable":true,"href":"https:\/\/empsis.com.br\/web\/wp\/informativo\/wp-json\/wp\/v2\/tags?post=12561"}],"curies":[{"name":"wp","href":"https:\/\/api.w.org\/{rel}","templated":true}]}}